{"id":6317,"date":"2023-11-30T03:24:44","date_gmt":"2023-11-29T21:24:44","guid":{"rendered":"https:\/\/agrardialog-kaz.de\/unkategorisiert\/erklaerung-zur-fortsetzung-des-apd-unterzeichnet\/"},"modified":"2023-11-30T18:20:16","modified_gmt":"2023-11-30T12:20:16","slug":"erklaerung-zur-fortsetzung-des-apd-unterzeichnet","status":"publish","type":"post","link":"https:\/\/agrardialog-kaz.de\/de\/veranstaltungen\/erklaerung-zur-fortsetzung-des-apd-unterzeichnet\/","title":{"rendered":"ERKL\u00c4RUNG ZUR FORTSETZUNG DES APD UNTERZEICHNET."},"content":{"rendered":"\n<p>Neu im APD ist die Plattform \u201eRegionalkonzept Zentralasien\u00bb\u201c. <\/p>\n\n\n\n<p>Eine regional zusammengesetzte Arbeitsgruppe wird zu einem Schwerpunktthema im Bereich Klimaresilienz und Landwirtschaft geschaffen. Der APD arbeitet in enger Abstimmung mit dem Ministerium f\u00fcr Landwirtschaft der Republik Kasachstan. Als operativer Partner f\u00fcr die Projektdurchf\u00fchrung in Kasachstan fungiert das Nationale Zentrum f\u00fcr Agrarwissenschaft und Bildung (NANOZ). NANOZ koordiniert im Auftrag des kasachischen Ministeriums f\u00fcr <\/p>\n\n\n\n<p>Eine regional zusammengesetzte Arbeitsgruppe wird zu einem Schwerpunktthema im Bereich Klimaresilienz und Landwirtschaft geschaffen. Der APD arbeitet in enger Abstimmung mit dem Ministerium f\u00fcr Landwirtschaft der Republik Kasachstan. Als operativer Partner f\u00fcr die Projektdurchf\u00fchrung in Kasachstan fungiert das Nationale Zentrum f\u00fcr Agrarwissenschaft und Bildung (NANOZ). NANOZ koordiniert im Auftrag des kasachischen Ministeriums f\u00fcr Landwirtschaft die Agrar-Forschungsinstitute, drei Agraruniversit\u00e4ten sowie Weiterbildungszentren des kasachischen Agrarsektors.<\/p>\n\n\n\n<p><\/p>\n","protected":false},"excerpt":{"rendered":"<p>Im Rahmen seines k\u00fcrzlichen Besuchs vom 15. bis 17. November in Berlin unterzeichnete der Vize-Landwirtschaftsminister Kasachstans Abulhair Tamabek mit der Parlamentarischen Staatssekret\u00e4rin Dr. Ophelia Nick die &#8222;gemeinsame Erkl\u00e4rung&#8220; zur Weiterf\u00fchrung des APD. Der APD ist ein auf Grundlage eines Beschlusses des Deutschen Bundestages vom Bundesministerium f\u00fcr Ern\u00e4hrung und Landwirtschaft (BMEL) seit 2009 gef\u00f6rdertes Projekt. In der jetzt unterzeichneten Erkl\u00e4rung wird unter anderem festgehalten, dass der APD ein Instrument des binationalen fachlichen und fachpolitischen Austausches von Erfahrungen, Sichtweisen und Policies im Kontext der Transformation hin zu resilienten, nachhaltigen Ern\u00e4hrungssystemen ist. <\/p>\n","protected":false},"author":4,"featured_media":6313,"comment_status":"closed","ping_status":"closed","sticky":false,"template":"","format":"standard","meta":{"site-sidebar-layout":"default","site-content-layout":"","ast-site-content-layout":"","site-content-style":"default","site-sidebar-style":"default","ast-global-header-display":"","ast-banner-title-visibility":"","ast-main-header-display":"","ast-hfb-above-header-display":"","ast-hfb-below-header-display":"","ast-hfb-mobile-header-display":"","site-post-title":"","ast-breadcrumbs-content":"","ast-featured-img":"","footer-sml-layout":"","theme-transparent-header-meta":"","adv-header-id-meta":"","stick-header-meta":"","header-above-stick-meta":"","header-main-stick-meta":"","header-below-stick-meta":"","astra-migrate-meta-layouts":"default","ast-page-background-enabled":"default","ast-page-background-meta":{"desktop":{"background-color":"","background-image":"","background-repeat":"repeat","background-position":"center center","background-size":"auto","background-attachment":"scroll","background-type":"","background-media":"","overlay-type":"","overlay-color":"","overlay-opacity":"","overlay-gradient":""},"tablet":{"background-color":"","background-image":"","background-repeat":"repeat","background-position":"center center","background-size":"auto","background-attachment":"scroll","background-type":"","background-media":"","overlay-type":"","overlay-color":"","overlay-opacity":"","overlay-gradient":""},"mobile":{"background-color":"","background-image":"","background-repeat":"repeat","background-position":"center center","background-size":"auto","background-attachment":"scroll","background-type":"","background-media":"","overlay-type":"","overlay-color":"","overlay-opacity":"","overlay-gradient":""}},"ast-content-background-meta":{"desktop":{"background-color":"var(--ast-global-color-5)","background-image":"","background-repeat":"repeat","background-position":"center center","background-size":"auto","background-attachment":"scroll","background-type":"","background-media":"","overlay-type":"","overlay-color":"","overlay-opacity":"","overlay-gradient":""},"tablet":{"background-color":"var(--ast-global-color-5)","background-image":"","background-repeat":"repeat","background-position":"center center","background-size":"auto","background-attachment":"scroll","background-type":"","background-media":"","overlay-type":"","overlay-color":"","overlay-opacity":"","overlay-gradient":""},"mobile":{"background-color":"var(--ast-global-color-5)","background-image":"","background-repeat":"repeat","background-position":"center center","background-size":"auto","background-attachment":"scroll","background-type":"","background-media":"","overlay-type":"","overlay-color":"","overlay-opacity":"","overlay-gradient":""}},"footnotes":""},"categories":[50],"tags":[],"class_list":["post-6317","post","type-post","status-publish","format-standard","has-post-thumbnail","hentry","category-veranstaltungen"],"_links":{"self":[{"href":"https:\/\/agrardialog-kaz.de\/de\/wp-json\/wp\/v2\/posts\/6317","targetHints":{"allow":["GET"]}}],"collection":[{"href":"https:\/\/agrardialog-kaz.de\/de\/wp-json\/wp\/v2\/posts"}],"about":[{"href":"https:\/\/agrardialog-kaz.de\/de\/wp-json\/wp\/v2\/types\/post"}],"author":[{"embeddable":true,"href":"https:\/\/agrardialog-kaz.de\/de\/wp-json\/wp\/v2\/users\/4"}],"replies":[{"embeddable":true,"href":"https:\/\/agrardialog-kaz.de\/de\/wp-json\/wp\/v2\/comments?post=6317"}],"version-history":[{"count":3,"href":"https:\/\/agrardialog-kaz.de\/de\/wp-json\/wp\/v2\/posts\/6317\/revisions"}],"predecessor-version":[{"id":6321,"href":"https:\/\/agrardialog-kaz.de\/de\/wp-json\/wp\/v2\/posts\/6317\/revisions\/6321"}],"wp:featuredmedia":[{"embeddable":true,"href":"https:\/\/agrardialog-kaz.de\/de\/wp-json\/wp\/v2\/media\/6313"}],"wp:attachment":[{"href":"https:\/\/agrardialog-kaz.de\/de\/wp-json\/wp\/v2\/media?parent=6317"}],"wp:term":[{"taxonomy":"category","embeddable":true,"href":"https:\/\/agrardialog-kaz.de\/de\/wp-json\/wp\/v2\/categories?post=6317"},{"taxonomy":"post_tag","embeddable":true,"href":"https:\/\/agrardialog-kaz.de\/de\/wp-json\/wp\/v2\/tags?post=6317"}],"curies":[{"name":"wp","href":"https:\/\/api.w.org\/{rel}","templated":true}]}}